{"id":129,"__str__":"Projeto de Decreto Legislativo n\u00ba 173 de 2020 | Proposi\u00e7\u00e3o inclusa na Ordem do Dia | 26/06/2020","link_detail_backend":"/materia/tramitacao/129","metadata":{},"timestamp":"2020-06-26T11:23:05.432870-04:00","data_tramitacao":"2020-06-26","data_encaminhamento":"2020-06-29","urgente":false,"turno":"P","texto":"A mat\u00e9ria est\u00e1 inclusa na ordem do dia, para a primeira discuss\u00e3o.","data_fim_prazo":null,"ip":"177.5.219.93","ultima_edicao":null,"status":18,"materia":187,"unidade_tramitacao_local":16,"unidade_tramitacao_destino":23,"user":15}