{"id":44,"__str__":"Projeto de Lei Ordin\u00e1ria n\u00ba 2366 de 2019","link_detail_backend":"/materia/44","metadata":{},"numero":2366,"ano":2019,"numero_protocolo":58,"data_apresentacao":"2019-05-31","tipo_apresentacao":"E","data_publicacao":null,"numero_origem_externa":"","ano_origem_externa":null,"data_origem_externa":null,"apelido":"","dias_prazo":null,"data_fim_prazo":null,"em_tramitacao":true,"polemica":null,"objeto":"","complementar":null,"ementa":"DISP\u00d5E SOBRE A CRIA\u00c7\u00c3O DE FUN\u00c7\u00d5ES GRATIFICADAS DE COORDENADOR DE PATRIM\u00d4NIO E MANUTEN\u00c7\u00c3O DE VE\u00cdCULOS, COORDENADOR DE TECNOLOGIA, COMUNICA\u00c7\u00c3O E INFORMA\u00c7\u00c3O, DIRETOR DA ESCOLA DO LEGISLATIVO, COORDENADOR DE TESOURARIA E COORDENADOR DO LEGISLATIVO E PLEN\u00c1RIO.","indexacao":"","observacao":"","resultado":"","texto_original":"http://sapl.coloradodooeste.ro.leg.br/media/sapl/public/materialegislativa/2019/44/projeto_lei_criacao_funcoes.pdf","data_ultima_atualizacao":"2019-05-31T09:17:46.486444-04:00","ip":"","ultima_edicao":null,"tipo":2,"regime_tramitacao":1,"tipo_origem_externa":null,"local_origem_externa":null,"user":null,"anexadas":[],"autores":[23]}