{"id":239,"__str__":"Projeto de Lei Ordin\u00e1ria n\u00ba 2501 de 2020","link_detail_backend":"/materia/239","metadata":{},"numero":2501,"ano":2020,"numero_protocolo":106,"data_apresentacao":"2020-12-14","tipo_apresentacao":"E","data_publicacao":null,"numero_origem_externa":"","ano_origem_externa":null,"data_origem_externa":null,"apelido":"","dias_prazo":null,"data_fim_prazo":null,"em_tramitacao":false,"polemica":false,"objeto":"","complementar":false,"ementa":"INSTITUI A SEMANA MUNICIPAL DE CONSCIENTIZA\u00c7\u00c3O SOBRE O AUTISMO E DISP\u00d5E SOBRE A CRIA\u00c7\u00c3O\r\nDA CARTEIRA DE IDENTIFICA\u00c7\u00c3O DA PESSOA COM TRANSTORNO DO ESPECTRO AUTISTA (CIPTEA) NO\r\n\u00c2MBITO DO MUNIC\u00cdPIO DE COLORADO DO OESTE.","indexacao":"","observacao":"","resultado":"","texto_original":"http://sapl.coloradodooeste.ro.leg.br/media/sapl/public/materialegislativa/2020/239/pl_2.501.pdf","data_ultima_atualizacao":"2020-12-15T07:08:52.786403-04:00","ip":"45.172.32.51","ultima_edicao":"2020-12-14T12:09:34.464764-04:00","tipo":2,"regime_tramitacao":1,"tipo_origem_externa":null,"local_origem_externa":null,"user":15,"anexadas":[],"autores":[22]}