{"id":235,"__str__":"Projeto de Lei Ordin\u00e1ria n\u00ba 2497 de 2020","link_detail_backend":"/materia/235","metadata":{},"numero":2497,"ano":2020,"numero_protocolo":102,"data_apresentacao":"2020-11-30","tipo_apresentacao":"E","data_publicacao":null,"numero_origem_externa":"","ano_origem_externa":null,"data_origem_externa":null,"apelido":"","dias_prazo":null,"data_fim_prazo":null,"em_tramitacao":false,"polemica":false,"objeto":"","complementar":false,"ementa":"DISP\u00d5E SOBRE A ALTERA\u00c7\u00c3O DA REDA\u00c7\u00c3O E ANEXOS II E III DA LEI N\u00ba 2.175, DE 30 DE DEZEMBRO DE 2019, DISPONDO SOBRE A ORGANIZA\u00c7\u00c3O ADMINISTRATIVA E A REESTRUTURA\u00c7\u00c3O DE CARGOS DA ADMINISTRA\u00c7\u00c3O P\u00daBLICA MUNICIPAL DE COLORADO DO OESTE \u2013 RO.","indexacao":"","observacao":"","resultado":"","texto_original":"http://sapl.coloradodooeste.ro.leg.br/media/sapl/public/materialegislativa/2020/235/pl_2.497.pdf","data_ultima_atualizacao":"2020-12-03T07:31:54.015672-04:00","ip":"177.201.69.190","ultima_edicao":"2020-11-27T12:50:47.957202-04:00","tipo":2,"regime_tramitacao":1,"tipo_origem_externa":null,"local_origem_externa":null,"user":15,"anexadas":[],"autores":[22]}