{"id":234,"__str__":"Projeto de Emenda a Lei Org\u00e2nica n\u00ba 3 de 2020","link_detail_backend":"/materia/234","metadata":{},"numero":3,"ano":2020,"numero_protocolo":101,"data_apresentacao":"2020-11-23","tipo_apresentacao":"E","data_publicacao":null,"numero_origem_externa":"","ano_origem_externa":null,"data_origem_externa":null,"apelido":"","dias_prazo":null,"data_fim_prazo":null,"em_tramitacao":false,"polemica":false,"objeto":"","complementar":false,"ementa":"DISP\u00d5E SOBRE A CONCESS\u00c3O DE F\u00c9RIAS AO PREFEITO E VICE-PREFEITO, EM CASO DE REELEI\u00c7\u00c3O, NO \u00daLTIMO ANO DO MANDATO NO MUNIC\u00cdPIO DE COLORADO DO OESTE \u2013 RO.","indexacao":"","observacao":"O Projeto de Emenda a Lei Org\u00e2nica n\u00ba 3 de 2020, foi aprovado em 1\u00aa primeiro turno de vota\u00e7\u00e3o e voltar\u00e1 ao termino de 10 dias para o 2\u00aa turno de discuss\u00e3o e vota\u00e7\u00e3o.","resultado":"","texto_original":"http://sapl.coloradodooeste.ro.leg.br/media/sapl/public/materialegislativa/2020/234/proposta_de_alteracao_na_lom_-_ferias_ao_prefeito_e_vice_reeleicao.pdf","data_ultima_atualizacao":"2020-12-15T07:11:19.576532-04:00","ip":"45.172.32.51","ultima_edicao":"2020-12-03T07:41:29.850282-04:00","tipo":10,"regime_tramitacao":1,"tipo_origem_externa":null,"local_origem_externa":null,"user":15,"anexadas":[],"autores":[22]}